{"id":6228,"date":"2011-04-19T17:41:52","date_gmt":"2011-04-19T21:41:52","guid":{"rendered":"http:\/\/www.nobleviola.com\/?p=6228"},"modified":"2011-04-20T14:36:10","modified_gmt":"2011-04-20T18:36:10","slug":"watch-janine-jansen-and-royal-concertgebouw-free","status":"publish","type":"post","link":"https:\/\/www.nobleviola.com\/wordpress\/2011\/04\/19\/watch-janine-jansen-and-royal-concertgebouw-free\/","title":{"rendered":"watch janine jansen and royal concertgebouw free"},"content":{"rendered":"<figure id=\"attachment_6229\" aria-describedby=\"caption-attachment-6229\" style=\"width: 400px\" class=\"wp-caption alignnone\"><a href=\"https:\/\/i0.wp.com\/www.nobleviola.com\/wordpress\/wp-content\/uploads\/2011\/04\/110413-Beatrix.jpg\"><img data-recalc-dims=\"1\" loading=\"lazy\" decoding=\"async\" class=\"size-full wp-image-6229\" title=\"110413-Beatrix\" src=\"https:\/\/i0.wp.com\/www.nobleviola.com\/wordpress\/wp-content\/uploads\/2011\/04\/110413-Beatrix.jpg?resize=400%2C225\" alt=\"\" width=\"400\" height=\"225\" \/><\/a><figcaption id=\"caption-attachment-6229\" class=\"wp-caption-text\">HRH Queen Beatrix of The Netherlands<\/figcaption><\/figure>\n<p>The Berlin Philharmonic&#8217;s Digital Concert Hall is presenting a royal command performance of the Concertgebouw Orchestra with conductor Mariss Jansons and violinist Janine Jansen for free as part of Queen Beatrix&#8217;s visit to Berlin. \u00a0You can get complete details and watch the taped broadcast in high-definition for free by following <a href=\"http:\/\/www.digitalconcerthall.com\/en\/concert\/2747?utm_medium=email&amp;utm_campaign=DCH+Newsletter+for+the+180411&amp;utm_content=DCH+Newsletter+for+the+180411+CID_215cf5a45124caf80b2a6cb46482366c&amp;utm_source=Email+Newsletter&amp;utm_term=Go+to+concert\">this link<\/a>.<\/p>\n<figure id=\"attachment_6209\" aria-describedby=\"caption-attachment-6209\" style=\"width: 400px\" class=\"wp-caption alignnone\"><a href=\"https:\/\/i0.wp.com\/www.nobleviola.com\/wordpress\/wp-content\/uploads\/2011\/04\/Janine-Jansen-High-Res-4-credit-Felix-Broede.jpg\"><img data-recalc-dims=\"1\" loading=\"lazy\" decoding=\"async\" class=\"size-large wp-image-6209\" title=\"Janine Jansen High Res 4 - credit Felix Broede\" src=\"https:\/\/i0.wp.com\/www.nobleviola.com\/wordpress\/wp-content\/uploads\/2011\/04\/Janine-Jansen-High-Res-4-credit-Felix-Broede-400x400.jpg?resize=400%2C400\" alt=\"\" width=\"400\" height=\"400\" \/><\/a><figcaption id=\"caption-attachment-6209\" class=\"wp-caption-text\">Janine Jansen - Photo: Felix Broede<\/figcaption><\/figure>\n<p>The concert features the Mendelssohn <em>Violin Concerto<\/em> and Brahms&#8217; <em>Symphony No. 4<\/em>.<\/p>\n","protected":false},"excerpt":{"rendered":"<p>The Berlin Philharmonic&#8217;s Digital Concert Hall is presenting a royal command performance of the Concertgebouw Orchestra with conductor Mariss Jansons and violinist Janine Jansen for free as part of Queen Beatrix&#8217;s visit to Berlin. \u00a0You can get complete details and watch the taped broadcast in high-definition for free by following this link. The concert features [&hellip;]<\/p>\n","protected":false},"author":303,"featured_media":0,"comment_status":"open","ping_status":"open","sticky":false,"template":"","format":"standard","meta":{"jetpack_post_was_ever_published":false,"_jetpack_newsletter_access":"","_jetpack_dont_email_post_to_subs":false,"_jetpack_newsletter_tier_id":0,"_jetpack_memberships_contains_paywalled_content":false,"_jetpack_memberships_contains_paid_content":false,"footnotes":"","jetpack_publicize_message":"","jetpack_publicize_feature_enabled":true,"jetpack_social_post_already_shared":false,"jetpack_social_options":{"image_generator_settings":{"template":"highway","default_image_id":0,"font":"","enabled":false},"version":2}},"categories":[135,2,13],"tags":[2657,439,2655,2654,2656,361,2658],"class_list":["post-6228","post","type-post","status-publish","format-standard","hentry","category-soloists-recitals","category-the-orchestra-world","category-video","tag-berlin","tag-brahms","tag-concertgebouw-orchestra","tag-digital-concert-hall","tag-janine-jansen","tag-mendelssohn","tag-philharmonie"],"jetpack_publicize_connections":[],"jetpack_featured_media_url":"","jetpack_shortlink":"https:\/\/wp.me\/pa8kC-1Cs","jetpack_sharing_enabled":true,"jetpack_likes_enabled":true,"jetpack-related-posts":[{"id":3757,"url":"https:\/\/www.nobleviola.com\/wordpress\/2010\/01\/11\/a-forgotten-violin-concerto\/","url_meta":{"origin":6228,"position":0},"title":"a forgotten violin concerto","author":"Charles Noble","date":"January 11, 2010","format":false,"excerpt":"At the end of this season the Oregon Symphony will welcome Finnish violinist Elina V\u00e4h\u00e4l\u00e4 (above) to play Benjamin Britten's great Violin Concerto.\u00a0 I've really fallen in love with this concerto, in no small part due to the web broadcast of the Berlin Philharmonic with violinist Janine Jansen. Here's a\u2026","rel":"","context":"In &quot;appreciation&quot;","block_context":{"text":"appreciation","link":"https:\/\/www.nobleviola.com\/wordpress\/category\/music\/appreciations\/"},"img":{"alt_text":"","src":"https:\/\/i0.wp.com\/www.nobleviola.com\/wordpress\/wp-content\/uploads\/2009\/08\/Elina-Vahala-400x342.jpg?resize=350%2C200","width":350,"height":200},"classes":[]},{"id":3294,"url":"https:\/\/www.nobleviola.com\/wordpress\/2009\/10\/26\/a-new-way-to-look-at-the-oregon-symphony\/","url_meta":{"origin":6228,"position":1},"title":"a new way to look at the oregon symphony","author":"Charles Noble","date":"October 26, 2009","format":false,"excerpt":"After our last classical series concert, the orchestra stayed for an extra 30 minutes to get an important job done: it was orchestra photo night.\u00a0 Every few years, a new portrait of the orchestra and its music director is taken.\u00a0 In virtually every other year, the photo is a standard,\u2026","rel":"","context":"In &quot;the orchestra world&quot;","block_context":{"text":"the orchestra world","link":"https:\/\/www.nobleviola.com\/wordpress\/category\/music\/the-orchestra-world\/"},"img":{"alt_text":"RCO001_VanBoxteljpg","src":"https:\/\/i0.wp.com\/www.nobleviola.com\/wordpress\/wp-content\/uploads\/2009\/10\/RCO001_VanBoxteljpg-400x322.jpg?resize=350%2C200","width":350,"height":200},"classes":[]},{"id":12479,"url":"https:\/\/www.nobleviola.com\/wordpress\/2013\/02\/18\/un-complementary\/","url_meta":{"origin":6228,"position":2},"title":"un-complementary","author":"Charles Noble","date":"February 18, 2013","format":false,"excerpt":"I was initially happy to notice this line in a recent New York Times review of the Royal Concertgebouw Orchestra at Carnegie Hall: To a large extent, the power behind these surges comes from the lower string section and the trombones, who in the Bruckner symphony, in particular, seemed to\u2026","rel":"","context":"In &quot;labor issues&quot;","block_context":{"text":"labor issues","link":"https:\/\/www.nobleviola.com\/wordpress\/category\/music\/labor-issues\/"},"img":{"alt_text":"","src":"","width":0,"height":0},"classes":[]},{"id":523,"url":"https:\/\/www.nobleviola.com\/wordpress\/2007\/11\/07\/stablers-must-see-list\/","url_meta":{"origin":6228,"position":3},"title":"stabler&#8217;s must-see list","author":"Charles Noble","date":"November 7, 2007","format":false,"excerpt":"Oregonian classical music critic David Stabler has posted his list of 10 guest artists that he'd like to see at the Oregon Symphony.\u00c2\u00a0 It's a good list - I'd add Jonathan Biss, pianist; Tabea Zimmerman, violist (I know, I know...); Janine Jansen, violinist; and Daniel Barenboim, conductor\/pianist, among others...","rel":"","context":"In &quot;music&quot;","block_context":{"text":"music","link":"https:\/\/www.nobleviola.com\/wordpress\/category\/music\/"},"img":{"alt_text":"","src":"","width":0,"height":0},"classes":[]},{"id":3264,"url":"https:\/\/www.nobleviola.com\/wordpress\/2009\/10\/15\/heat-up-cool-down\/","url_meta":{"origin":6228,"position":4},"title":"heat up, cool down","author":"Charles Noble","date":"October 15, 2009","format":false,"excerpt":"This is the time of year where a curious shift happens: the classical music season heats up, while the weather outside cools down. \u00a0This post in just going to be a hodge-podge of random thoughts, truly full of daily observations, rather than what is usually posted here (not sure what\u2026","rel":"","context":"In &quot;recordings&quot;","block_context":{"text":"recordings","link":"https:\/\/www.nobleviola.com\/wordpress\/category\/music\/recordings-music\/"},"img":{"alt_text":"","src":"http:\/\/www.nobleviola.com\/wordpress\/wp-content\/uploads\/2009\/10\/ir?t=dailyobservat-20&l=ur2&o=1","width":350,"height":200},"classes":[]},{"id":554,"url":"https:\/\/www.nobleviola.com\/wordpress\/2007\/11\/29\/oso-cl-5-imix\/","url_meta":{"origin":6228,"position":5},"title":"OSO CL 5 iMix","author":"Charles Noble","date":"November 29, 2007","format":false,"excerpt":"Here's my list of recommended listening sources (at least as available on iTunes) for this weekend's upcoming Classical 6 subscription series. If you're interested in reading the program notes for this concert in the comfortable lighting of your home rather than squinting as the lights dim at the Schnitz, click\u2026","rel":"","context":"In &quot;iMix&quot;","block_context":{"text":"iMix","link":"https:\/\/www.nobleviola.com\/wordpress\/category\/music\/imix\/"},"img":{"alt_text":"","src":"https:\/\/i0.wp.com\/www.nobleviola.com\/wordpress\/wp-content\/uploads\/2007\/11\/spacer2.gif?resize=350%2C200","width":350,"height":200},"classes":[]}],"_links":{"self":[{"href":"https:\/\/www.nobleviola.com\/wordpress\/wp-json\/wp\/v2\/posts\/6228","targetHints":{"allow":["GET"]}}],"collection":[{"href":"https:\/\/www.nobleviola.com\/wordpress\/wp-json\/wp\/v2\/posts"}],"about":[{"href":"https:\/\/www.nobleviola.com\/wordpress\/wp-json\/wp\/v2\/types\/post"}],"author":[{"embeddable":true,"href":"https:\/\/www.nobleviola.com\/wordpress\/wp-json\/wp\/v2\/users\/303"}],"replies":[{"embeddable":true,"href":"https:\/\/www.nobleviola.com\/wordpress\/wp-json\/wp\/v2\/comments?post=6228"}],"version-history":[{"count":0,"href":"https:\/\/www.nobleviola.com\/wordpress\/wp-json\/wp\/v2\/posts\/6228\/revisions"}],"wp:attachment":[{"href":"https:\/\/www.nobleviola.com\/wordpress\/wp-json\/wp\/v2\/media?parent=6228"}],"wp:term":[{"taxonomy":"category","embeddable":true,"href":"https:\/\/www.nobleviola.com\/wordpress\/wp-json\/wp\/v2\/categories?post=6228"},{"taxonomy":"post_tag","embeddable":true,"href":"https:\/\/www.nobleviola.com\/wordpress\/wp-json\/wp\/v2\/tags?post=6228"}],"curies":[{"name":"wp","href":"https:\/\/api.w.org\/{rel}","templated":true}]}}