{"id":3757,"date":"2010-01-11T18:08:52","date_gmt":"2010-01-12T02:08:52","guid":{"rendered":"http:\/\/www.nobleviola.com\/?p=3757"},"modified":"2013-02-07T20:04:24","modified_gmt":"2013-02-08T04:04:24","slug":"a-forgotten-violin-concerto","status":"publish","type":"post","link":"https:\/\/www.nobleviola.com\/wordpress\/2010\/01\/11\/a-forgotten-violin-concerto\/","title":{"rendered":"a forgotten violin concerto"},"content":{"rendered":"<p><a href=\"https:\/\/i0.wp.com\/www.nobleviola.com\/wordpress\/wp-content\/uploads\/2009\/08\/Elina-Vahala.jpg\"><img data-recalc-dims=\"1\" loading=\"lazy\" decoding=\"async\" class=\"alignnone size-medium wp-image-3030\" style=\"border: 5px solid black;\" title=\"Photo: Oregon Symphony\" src=\"https:\/\/i0.wp.com\/www.nobleviola.com\/wordpress\/wp-content\/uploads\/2009\/08\/Elina-Vahala-400x342.jpg?resize=250%2C213\" alt=\"\" width=\"250\" height=\"213\" \/><\/a><\/p>\n<p>At the end of this season the Oregon Symphony will welcome Finnish violinist <a href=\"http:\/\/www.nobleviola.com\/wordpress\/wp-content\/uploads\/2010\/01\/www.elinavahala.com\" target=\"_blank\">Elina V\u00e4h\u00e4l\u00e4<\/a> (above) to play Benjamin Britten&#8217;s great Violin Concerto.\u00a0 I&#8217;ve really fallen in love with this concerto, in no small part due to the web broadcast of the Berlin Philharmonic with violinist Janine Jansen.<\/p>\n<p>Here&#8217;s a four minute sample of that broadcast:<!--more--><\/p>\n<p><object classid=\"clsid:d27cdb6e-ae6d-11cf-96b8-444553540000\" width=\"560\" height=\"340\" codebase=\"http:\/\/download.macromedia.com\/pub\/shockwave\/cabs\/flash\/swflash.cab#version=6,0,40,0\"><param name=\"allowFullScreen\" value=\"true\" \/><param name=\"allowscriptaccess\" value=\"always\" \/><param name=\"src\" value=\"http:\/\/www.youtube.com\/v\/mj2TaQD_Ij4&amp;hl=en_US&amp;fs=1&amp;hd=1\" \/><param name=\"allowfullscreen\" value=\"true\" \/><\/object><\/p>\n","protected":false},"excerpt":{"rendered":"<p>At the end of this season the Oregon Symphony will welcome Finnish violinist Elina V\u00e4h\u00e4l\u00e4 (above) to play Benjamin Britten&#8217;s great Violin Concerto.\u00a0 I&#8217;ve really fallen in love with this concerto, in no small part due to the web broadcast of the Berlin Philharmonic with violinist Janine Jansen. Here&#8217;s a four minute sample of that [&hellip;]<\/p>\n","protected":false},"author":303,"featured_media":0,"comment_status":"open","ping_status":"open","sticky":false,"template":"","format":"standard","meta":{"jetpack_post_was_ever_published":false,"_jetpack_newsletter_access":"","_jetpack_dont_email_post_to_subs":false,"_jetpack_newsletter_tier_id":0,"_jetpack_memberships_contains_paywalled_content":false,"_jetpack_memberships_contains_paid_content":false,"footnotes":"","jetpack_publicize_message":"","jetpack_publicize_feature_enabled":true,"jetpack_social_post_already_shared":false,"jetpack_social_options":{"image_generator_settings":{"template":"highway","default_image_id":0,"font":"","enabled":false},"version":2}},"categories":[148,135,2,13,21],"tags":[310,3668],"class_list":["post-3757","post","type-post","status-publish","format-standard","hentry","category-appreciations","category-soloists-recitals","category-the-orchestra-world","category-video","category-violin","tag-berlin-philharmonic","tag-oregon-symphony"],"jetpack_publicize_connections":[],"jetpack_featured_media_url":"","jetpack_shortlink":"https:\/\/wp.me\/pa8kC-YB","jetpack_sharing_enabled":true,"jetpack_likes_enabled":true,"jetpack-related-posts":[{"id":4561,"url":"https:\/\/www.nobleviola.com\/wordpress\/2010\/05\/10\/beethoven-festival-week\/","url_meta":{"origin":3757,"position":0},"title":"beethoven festival week!","author":"Charles Noble","date":"May 10, 2010","format":false,"excerpt":"The Oregon Symphony's Beethoven Festival (rehearsals begin today) kicks off May 15th with the Lenore Overture No. 3, the Piano Concerto No. 2, and the Triple Concerto.\u00a0 Arnaldo Cohen is the amazing pianist who will be playing all of the concertos.\u00a0 He'll be joined in the Triple by OSO concertmaster\u2026","rel":"","context":"In &quot;the orchestra world&quot;","block_context":{"text":"the orchestra world","link":"https:\/\/www.nobleviola.com\/wordpress\/category\/music\/the-orchestra-world\/"},"img":{"alt_text":"","src":"","width":0,"height":0},"classes":[]},{"id":4687,"url":"https:\/\/www.nobleviola.com\/wordpress\/2010\/05\/21\/last-weekend\/","url_meta":{"origin":3757,"position":1},"title":"last weekend","author":"Charles Noble","date":"May 21, 2010","format":false,"excerpt":"Wow - how did the last concert weekend of the season get here so quickly? \u00a0I guess it is a sign of my growing age that the years are starting to go by much faster than they used to. \u00a0Perhaps it's also an indication of how rich and full my\u2026","rel":"","context":"In &quot;soloists &amp; recitals&quot;","block_context":{"text":"soloists &amp; recitals","link":"https:\/\/www.nobleviola.com\/wordpress\/category\/music\/soloists-recitals\/"},"img":{"alt_text":"","src":"https:\/\/i0.wp.com\/www.nobleviola.com\/wordpress\/wp-content\/uploads\/2010\/05\/playersmosaic.jpg?resize=350%2C200","width":350,"height":200},"classes":[]},{"id":3945,"url":"https:\/\/www.nobleviola.com\/wordpress\/2010\/02\/01\/osos-2010-2011-season\/","url_meta":{"origin":3757,"position":2},"title":"OSO&#8217;s 2010-2011 Season","author":"Charles Noble","date":"February 1, 2010","format":false,"excerpt":"Saturday evening, the Oregon Symphony unveiled its 2010-2011 season programming.\u00a0 I was giving the pre-concert talk that night, so I couldn't be at the unveiling reception, but I suspect that there must have been a fair amount of applause and the sound of jaws hitting the floor as the specifics\u2026","rel":"","context":"In &quot;programming&quot;","block_context":{"text":"programming","link":"https:\/\/www.nobleviola.com\/wordpress\/category\/music\/programming-music\/"},"img":{"alt_text":"","src":"https:\/\/i0.wp.com\/www.nobleviola.com\/wordpress\/wp-content\/uploads\/2010\/01\/Joshua-Bell-photo-002-250x313.jpg?resize=350%2C200","width":350,"height":200},"classes":[]},{"id":7153,"url":"https:\/\/www.nobleviola.com\/wordpress\/2011\/12\/14\/joshua-bell-changes-program-for-portland\/","url_meta":{"origin":3757,"position":3},"title":"joshua bell changes program for portland","author":"Charles Noble","date":"December 14, 2011","format":false,"excerpt":"I hope that the Classical Beaver brings a change of underwear for the Oregon Symphony's January 14, 15 and 16th concerts, because the 'rock star' violinist Joshua Bell will now be playing the great Violin Concerto of Johannes Brahms in place of the previously programmed First Concerto of Dmitri Shostakovich.\u2026","rel":"","context":"In &quot;soloists &amp; recitals&quot;","block_context":{"text":"soloists &amp; recitals","link":"https:\/\/www.nobleviola.com\/wordpress\/category\/music\/soloists-recitals\/"},"img":{"alt_text":"","src":"https:\/\/i0.wp.com\/www.nobleviola.com\/wordpress\/wp-content\/uploads\/2007\/04\/brahms5.jpg?resize=350%2C200","width":350,"height":200},"classes":[]},{"id":137,"url":"https:\/\/www.nobleviola.com\/wordpress\/2006\/12\/09\/best-things-ive-heard-2006-edition\/","url_meta":{"origin":3757,"position":4},"title":"best things I&#8217;ve heard: 2006 edition","author":"Charles Noble","date":"December 9, 2006","format":false,"excerpt":"I'll beat the bandwagon and start off my list of the best things I've heard in 2006: Krisztina Szab\u00c3\u00b3 - mezzo-soprano, singing opera arias from Handel's Ariodante and Alcina. It really is the golden age of the mezzo these day, Ms. Szab\u00c3\u00b3 is a fine example. Her rendition of Scherza\u2026","rel":"","context":"In \"News\"","block_context":{"text":"News","link":"https:\/\/www.nobleviola.com\/wordpress\/tag\/news\/"},"img":{"alt_text":"","src":"","width":0,"height":0},"classes":[]},{"id":3264,"url":"https:\/\/www.nobleviola.com\/wordpress\/2009\/10\/15\/heat-up-cool-down\/","url_meta":{"origin":3757,"position":5},"title":"heat up, cool down","author":"Charles Noble","date":"October 15, 2009","format":false,"excerpt":"This is the time of year where a curious shift happens: the classical music season heats up, while the weather outside cools down. \u00a0This post in just going to be a hodge-podge of random thoughts, truly full of daily observations, rather than what is usually posted here (not sure what\u2026","rel":"","context":"In &quot;recordings&quot;","block_context":{"text":"recordings","link":"https:\/\/www.nobleviola.com\/wordpress\/category\/music\/recordings-music\/"},"img":{"alt_text":"","src":"http:\/\/www.nobleviola.com\/wordpress\/wp-content\/uploads\/2009\/10\/ir?t=dailyobservat-20&l=ur2&o=1","width":350,"height":200},"classes":[]}],"_links":{"self":[{"href":"https:\/\/www.nobleviola.com\/wordpress\/wp-json\/wp\/v2\/posts\/3757","targetHints":{"allow":["GET"]}}],"collection":[{"href":"https:\/\/www.nobleviola.com\/wordpress\/wp-json\/wp\/v2\/posts"}],"about":[{"href":"https:\/\/www.nobleviola.com\/wordpress\/wp-json\/wp\/v2\/types\/post"}],"author":[{"embeddable":true,"href":"https:\/\/www.nobleviola.com\/wordpress\/wp-json\/wp\/v2\/users\/303"}],"replies":[{"embeddable":true,"href":"https:\/\/www.nobleviola.com\/wordpress\/wp-json\/wp\/v2\/comments?post=3757"}],"version-history":[{"count":0,"href":"https:\/\/www.nobleviola.com\/wordpress\/wp-json\/wp\/v2\/posts\/3757\/revisions"}],"wp:attachment":[{"href":"https:\/\/www.nobleviola.com\/wordpress\/wp-json\/wp\/v2\/media?parent=3757"}],"wp:term":[{"taxonomy":"category","embeddable":true,"href":"https:\/\/www.nobleviola.com\/wordpress\/wp-json\/wp\/v2\/categories?post=3757"},{"taxonomy":"post_tag","embeddable":true,"href":"https:\/\/www.nobleviola.com\/wordpress\/wp-json\/wp\/v2\/tags?post=3757"}],"curies":[{"name":"wp","href":"https:\/\/api.w.org\/{rel}","templated":true}]}}