{"id":3553,"date":"2009-12-04T17:50:03","date_gmt":"2009-12-05T01:50:03","guid":{"rendered":"http:\/\/www.nobleviola.com\/?p=3553"},"modified":"2013-02-07T20:02:05","modified_gmt":"2013-02-08T04:02:05","slug":"kicking-ass-and-taking-names","status":"publish","type":"post","link":"https:\/\/www.nobleviola.com\/wordpress\/2009\/12\/04\/kicking-ass-and-taking-names\/","title":{"rendered":"kicking ass and taking names"},"content":{"rendered":"<p>If you don&#8217;t have your ticket to see <a href=\"http:\/\/www.nobleviola.com\/wordpress\/wp-content\/uploads\/2009\/12\/www.yefimbronfman.com\" target=\"_blank\">Yefim Bronfman<\/a> play the Bart\u00f3k Second Piano Concerto this weekend (Sat, Sun, Mon), get it now &#8211; Fima is kicking some serious ass.  He has one of the most clear and precise touches of any pianist, but couples it with a tremendous dynamic range and loads of color.  All of which are demanded by the Bart\u00f3k.  Also kicking some major tail &#8211; the OSO brass section gets lots to do in the Bart\u00f3k as well (not to mention the Ives), and they sound like they&#8217;re having a great time.<\/p>\n","protected":false},"excerpt":{"rendered":"<p>If you don&#8217;t have your ticket to see Yefim Bronfman play the Bart\u00f3k Second Piano Concerto this weekend (Sat, Sun, Mon), get it now &#8211; Fima is kicking some serious ass. He has one of the most clear and precise touches of any pianist, but couples it with a tremendous dynamic range and loads of [&hellip;]<\/p>\n","protected":false},"author":303,"featured_media":0,"comment_status":"open","ping_status":"open","sticky":false,"template":"","format":"standard","meta":{"jetpack_post_was_ever_published":false,"_jetpack_newsletter_access":"","_jetpack_dont_email_post_to_subs":false,"_jetpack_newsletter_tier_id":0,"_jetpack_memberships_contains_paywalled_content":false,"_jetpack_memberships_contains_paid_content":false,"footnotes":"","jetpack_publicize_message":"","jetpack_publicize_feature_enabled":true,"jetpack_social_post_already_shared":false,"jetpack_social_options":{"image_generator_settings":{"template":"highway","default_image_id":0,"font":"","enabled":false},"version":2}},"categories":[1027,135,2],"tags":[2015,3668],"class_list":["post-3553","post","type-post","status-publish","format-standard","hentry","category-piano-music","category-soloists-recitals","category-the-orchestra-world","tag-bartok-second-piano-concerto","tag-oregon-symphony"],"jetpack_publicize_connections":[],"jetpack_featured_media_url":"","jetpack_shortlink":"https:\/\/wp.me\/pa8kC-Vj","jetpack_sharing_enabled":true,"jetpack_likes_enabled":true,"jetpack-related-posts":[{"id":4768,"url":"https:\/\/www.nobleviola.com\/wordpress\/2010\/06\/10\/bartok-viola-concerto-a-tale-of-three-editions\/","url_meta":{"origin":3553,"position":0},"title":"bartok viola concerto &#8211; a tale of three editions","author":"Charles Noble","date":"June 10, 2010","format":false,"excerpt":"It's been a few days since I first posted on the quandary that violists find themselves in when approaching the various editions of the largely incomplete Bart\u00f3k Viola Concerto.\u00a0 Let's take an example from a passage from the end of the first movement (just before the Ritornello that transitions from\u2026","rel":"","context":"In &quot;appreciation&quot;","block_context":{"text":"appreciation","link":"https:\/\/www.nobleviola.com\/wordpress\/category\/music\/appreciations\/"},"img":{"alt_text":"","src":"https:\/\/i0.wp.com\/www.nobleviola.com\/wordpress\/wp-content\/uploads\/2010\/06\/bartok_ex_manu-399x133.jpg?resize=350%2C200","width":350,"height":200},"classes":[]},{"id":5549,"url":"https:\/\/www.nobleviola.com\/wordpress\/2010\/11\/09\/new-performances-on-instantencore\/","url_meta":{"origin":3553,"position":1},"title":"new performances on instantencore","author":"Charles Noble","date":"November 9, 2010","format":false,"excerpt":"Just a heads up that I've got two new performance recordings up on InstantEncore.com. They're both from this past summer's 2010 Max Aronoff Viola Institute, which I co-founded 20 years ago and have served on the faculty ever since. The works are the Bart\u00f3k Viola Concerto and Daniel Ott's Parting\u2026","rel":"","context":"In &quot;soloists &amp; recitals&quot;","block_context":{"text":"soloists &amp; recitals","link":"https:\/\/www.nobleviola.com\/wordpress\/category\/music\/soloists-recitals\/"},"img":{"alt_text":"","src":"","width":0,"height":0},"classes":[]},{"id":3546,"url":"https:\/\/www.nobleviola.com\/wordpress\/2009\/12\/04\/bartok-and-ives-a-tale-of-two-nationalists\/","url_meta":{"origin":3553,"position":2},"title":"bart\u00f3k and ives: a tale of two nationalists","author":"Charles Noble","date":"December 4, 2009","format":false,"excerpt":"On this coming weekend's performances there are two seminal works of two major composers who blazed a trail for their respective nation's modern musical heritage: the composers are Charles Ives and B\u00e9la Bart\u00f3k, and the works are Ives' Three Places in New England and Bart\u00f3k's Second Piano Concerto.\u00a0 To round\u2026","rel":"","context":"In &quot;piano&quot;","block_context":{"text":"piano","link":"https:\/\/www.nobleviola.com\/wordpress\/category\/music\/instruments\/piano-music\/"},"img":{"alt_text":"","src":"","width":0,"height":0},"classes":[]},{"id":4755,"url":"https:\/\/www.nobleviola.com\/wordpress\/2010\/06\/08\/bartoks-viola-concerto-a-tale-of-too-many-options\/","url_meta":{"origin":3553,"position":3},"title":"bart\u00f3k&#8217;s viola concerto &#8211; a tale of too many options","author":"Charles Noble","date":"June 8, 2010","format":false,"excerpt":"Bart\u00f3k's Viola Concerto remained unfinished at the time of his death in New York City in September of 1945, with its dedicatee William Primrose awaiting a call to meet the composer that would never come.\u00a0 The story of the completion of the concerto is well-known, with Bart\u00f3k's former composition student\u2026","rel":"","context":"In &quot;appreciation&quot;","block_context":{"text":"appreciation","link":"https:\/\/www.nobleviola.com\/wordpress\/category\/music\/appreciations\/"},"img":{"alt_text":"","src":"https:\/\/i0.wp.com\/www.nobleviola.com\/wordpress\/wp-content\/uploads\/2009\/04\/bartok.jpg?resize=350%2C200","width":350,"height":200},"classes":[]},{"id":4906,"url":"https:\/\/www.nobleviola.com\/wordpress\/2010\/06\/25\/mavi-first-rehearsals\/","url_meta":{"origin":3553,"position":4},"title":"mavi &#8211; first rehearsals","author":"Charles Noble","date":"June 25, 2010","format":false,"excerpt":"MAVI - the shorthand moniker for the Max Aronoff Viola Institute - the string camp that I helped co-found 20 years ago with University of Puget Sound viola professor Joyce Ram\u00e9e - is starting this coming Sunday up at Bastyr University, so it's time for the pre-festival rehearsing to begin\u2026","rel":"","context":"In &quot;soloists &amp; recitals&quot;","block_context":{"text":"soloists &amp; recitals","link":"https:\/\/www.nobleviola.com\/wordpress\/category\/music\/soloists-recitals\/"},"img":{"alt_text":"","src":"","width":0,"height":0},"classes":[]},{"id":3567,"url":"https:\/\/www.nobleviola.com\/wordpress\/2009\/12\/06\/great-artistry\/","url_meta":{"origin":3553,"position":5},"title":"great artistry","author":"Charles Noble","date":"December 6, 2009","format":false,"excerpt":"Much has been written in the canon of music history about the virtuoso performer.\u00a0 Starting with the likes of Paganini and Liszt, there has been an unbroken line of artists who continue to stun us with their seemingly effortless performances of the most finger-twisting repertoire.\u00a0 David Stabler put it well\u2026","rel":"","context":"In &quot;piano&quot;","block_context":{"text":"piano","link":"https:\/\/www.nobleviola.com\/wordpress\/category\/music\/instruments\/piano-music\/"},"img":{"alt_text":"","src":"","width":0,"height":0},"classes":[]}],"_links":{"self":[{"href":"https:\/\/www.nobleviola.com\/wordpress\/wp-json\/wp\/v2\/posts\/3553","targetHints":{"allow":["GET"]}}],"collection":[{"href":"https:\/\/www.nobleviola.com\/wordpress\/wp-json\/wp\/v2\/posts"}],"about":[{"href":"https:\/\/www.nobleviola.com\/wordpress\/wp-json\/wp\/v2\/types\/post"}],"author":[{"embeddable":true,"href":"https:\/\/www.nobleviola.com\/wordpress\/wp-json\/wp\/v2\/users\/303"}],"replies":[{"embeddable":true,"href":"https:\/\/www.nobleviola.com\/wordpress\/wp-json\/wp\/v2\/comments?post=3553"}],"version-history":[{"count":0,"href":"https:\/\/www.nobleviola.com\/wordpress\/wp-json\/wp\/v2\/posts\/3553\/revisions"}],"wp:attachment":[{"href":"https:\/\/www.nobleviola.com\/wordpress\/wp-json\/wp\/v2\/media?parent=3553"}],"wp:term":[{"taxonomy":"category","embeddable":true,"href":"https:\/\/www.nobleviola.com\/wordpress\/wp-json\/wp\/v2\/categories?post=3553"},{"taxonomy":"post_tag","embeddable":true,"href":"https:\/\/www.nobleviola.com\/wordpress\/wp-json\/wp\/v2\/tags?post=3553"}],"curies":[{"name":"wp","href":"https:\/\/api.w.org\/{rel}","templated":true}]}}