{"id":2568,"date":"2009-05-22T08:10:35","date_gmt":"2009-05-22T15:10:35","guid":{"rendered":"http:\/\/www.nobleviola.com\/wordpress\/?p=2568"},"modified":"2013-02-07T19:44:32","modified_gmt":"2013-02-08T03:44:32","slug":"adding-yuja-to-the-wish-list","status":"publish","type":"post","link":"https:\/\/www.nobleviola.com\/wordpress\/2009\/05\/22\/adding-yuja-to-the-wish-list\/","title":{"rendered":"adding yuja to the wish list"},"content":{"rendered":"<p><a href=\"https:\/\/i0.wp.com\/www.nobleviola.com\/wordpress\/wp-content\/uploads\/2009\/05\/yuja-wang-by-felix-broede-for-dg-63.jpg\"><img data-recalc-dims=\"1\" loading=\"lazy\" decoding=\"async\" class=\"alignnone size-thumbnail wp-image-2570\" style=\"border: 5px solid black;\" title=\"yuja-wang-by-felix-broede-for-dg-63\" src=\"https:\/\/i0.wp.com\/www.nobleviola.com\/wordpress\/wp-content\/uploads\/2009\/05\/yuja-wang-by-felix-broede-for-dg-63-200x269.jpg?resize=200%2C269\" alt=\"yuja-wang-by-felix-broede-for-dg-63\" width=\"200\" height=\"269\" \/><\/a><br \/>\n[click photo to enlarge]<\/p>\n<p>After reading this <a href=\"http:\/\/www.nobleviola.com\/wordpress\/wp-content\/uploads\/2009\/05\/ci_12422827?IADID=Search-www.mercurynews.com-www.mercurynews.com\">extraordinary review<\/a> of the new pianist phenom <a href=\"http:\/\/www.nobleviola.com\/wordpress\/wp-content\/uploads\/2009\/05\/www.yujawang.com\">Yuja Wang<\/a> with the San Francisco Symphony, I now am fairly desperate to see her in performance.\u00c2\u00a0 I hope that we can get her for an OSO series in an upcoming season.\u00c2\u00a0 I&#8217;d heard rumors that she was like Lang Lang but with discipline and no theatrics, and it sounds like she&#8217;s delivering, and how!<\/p>\n<p><a rel=\"http:\/\/www.amazon.com\/gp\/product\/B001OBBSQY?ie=UTF8&amp;tag=dailyobservat-20&amp;linkCode=as2&amp;camp=1789&amp;creative=390957&amp;creativeASIN=B001OBBSQY\" href=\"http:\/\/www.nobleviola.com\/wordpress\/wp-content\/uploads\/2009\/05\/B001OBBSQY?ie=UTF8&amp;tag=dailyobservat-20&amp;linkCode=as2&amp;camp=1789&amp;creative=390957&amp;creativeASIN=B001OBBSQY\" target=\"_blank\"><img data-recalc-dims=\"1\" loading=\"lazy\" decoding=\"async\" class=\"alignnone size-full wp-image-2573\" title=\"51tvf-bhiwl_sl160_\" src=\"https:\/\/i0.wp.com\/www.nobleviola.com\/wordpress\/wp-content\/uploads\/2009\/05\/51tvf-bhiwl_sl160_.jpg?resize=160%2C160\" alt=\"51tvf-bhiwl_sl160_\" width=\"160\" height=\"160\" \/><\/a><br \/>\nYuja Wang&#8217;s <a href=\"http:\/\/www.nobleviola.com\/wordpress\/wp-content\/uploads\/2009\/05\/B001OBBSQY?ie=UTF8&amp;tag=dailyobservat-20&amp;linkCode=as2&amp;camp=1789&amp;creative=390957&amp;creativeASIN=B001OBBSQY\">debut album<\/a><img loading=\"lazy\" decoding=\"async\" style=\"border:none !important; margin:0px !important;\" src=\"http:\/\/www.nobleviola.com\/wordpress\/wp-content\/uploads\/2009\/05\/ir?t=dailyobservat-20&amp;l=as2&amp;o=1&amp;a=B001OBBSQY\" border=\"0\" alt=\"\" width=\"1\" height=\"1\" \/> on Deutsche Grammophone &#8211; if you buy from this link by clicking on the photo, it helps pay for hosting costs for this blog!<\/p>\n<p><object width=\"400\" height=\"329\" data=\"http:\/\/www.youtube.com\/v\/j1fgo7hp-Ko\" type=\"application\/x-shockwave-flash\"><param name=\"src\" value=\"http:\/\/www.youtube.com\/v\/j1fgo7hp-Ko\" \/><\/object><\/p>\n<p><object width=\"400\" height=\"329\" data=\"http:\/\/www.youtube.com\/v\/1HNT0oc9GCY\" type=\"application\/x-shockwave-flash\"><param name=\"src\" value=\"http:\/\/www.youtube.com\/v\/1HNT0oc9GCY\" \/><\/object><\/p>\n","protected":false},"excerpt":{"rendered":"<p>[click photo to enlarge] After reading this extraordinary review of the new pianist phenom Yuja Wang with the San Francisco Symphony, I now am fairly desperate to see her in performance.\u00c2\u00a0 I hope that we can get her for an OSO series in an upcoming season.\u00c2\u00a0 I&#8217;d heard rumors that she was like Lang Lang [&hellip;]<\/p>\n","protected":false},"author":303,"featured_media":0,"comment_status":"open","ping_status":"open","sticky":false,"template":"","format":"standard","meta":{"jetpack_post_was_ever_published":false,"_jetpack_newsletter_access":"","_jetpack_dont_email_post_to_subs":false,"_jetpack_newsletter_tier_id":0,"_jetpack_memberships_contains_paywalled_content":false,"_jetpack_memberships_contains_paid_content":false,"footnotes":"","jetpack_publicize_message":"","jetpack_publicize_feature_enabled":true,"jetpack_social_post_already_shared":false,"jetpack_social_options":{"image_generator_settings":{"template":"highway","default_image_id":0,"font":"","enabled":false},"version":2}},"categories":[136,186,115,1027,168,135,2],"tags":[160,1625,1624],"class_list":["post-2568","post","type-post","status-publish","format-standard","hentry","category-chamber-music","category-labor-issues","category-music","category-piano-music","category-recordings-music","category-soloists-recitals","category-the-orchestra-world","tag-review","tag-san-francisco-symphony","tag-yuja-wang"],"jetpack_publicize_connections":[],"jetpack_featured_media_url":"","jetpack_shortlink":"https:\/\/wp.me\/pa8kC-Fq","jetpack_sharing_enabled":true,"jetpack_likes_enabled":true,"jetpack-related-posts":[{"id":3555,"url":"https:\/\/www.nobleviola.com\/wordpress\/2009\/12\/05\/odds-and-ends-4\/","url_meta":{"origin":2568,"position":0},"title":"odds and ends","author":"Charles Noble","date":"December 5, 2009","format":false,"excerpt":"Oregon Symphony Resident conductor Gregory Vajda conducts a recording of music by his mentor, the composer\/conductor P\u00e9ter E\u00f6tv\u00f6s, entitled As I Crossed a Bridge of Dreams.\u00a0 The recording is one of three nominated for the prestigious 2010 MIDEM Classical Award. Conductor Leonard Slatkin has a compelling essay up on his\u2026","rel":"","context":"In &quot;appreciation&quot;","block_context":{"text":"appreciation","link":"https:\/\/www.nobleviola.com\/wordpress\/category\/music\/appreciations\/"},"img":{"alt_text":"","src":"","width":0,"height":0},"classes":[]},{"id":5772,"url":"https:\/\/www.nobleviola.com\/wordpress\/2011\/02\/06\/brahms-nielsen-and-rachmaninoff\/","url_meta":{"origin":2568,"position":1},"title":"brahms, nielsen and rachmaninoff","author":"Charles Noble","date":"February 6, 2011","format":false,"excerpt":"Tonight we played the second concert of this series (last night we played in Salem), featuring Brahms' Tragic Overture, Nielsen's Sixth Symphony \"Simplice\", and Rachmaninoff's Third Piano Concerto, with soloist Yuja Wang. Lots of stuff to talk about in this program. \u00a0First of all, as a performer, it's a very\u2026","rel":"","context":"In &quot;soloists &amp; recitals&quot;","block_context":{"text":"soloists &amp; recitals","link":"https:\/\/www.nobleviola.com\/wordpress\/category\/music\/soloists-recitals\/"},"img":{"alt_text":"","src":"https:\/\/i0.wp.com\/www.nobleviola.com\/wordpress\/wp-content\/uploads\/2011\/02\/YujaWang_1_orig-324x400.jpg?resize=350%2C200","width":350,"height":200},"classes":[]},{"id":6770,"url":"https:\/\/www.nobleviola.com\/wordpress\/2011\/08\/20\/yuja-wangs-little-orange-dress\/","url_meta":{"origin":2568,"position":2},"title":"yuja wang&#8217;s little orange dress","author":"Charles Noble","date":"August 20, 2011","format":false,"excerpt":"Some of you may be wondering what I think about the flap (largely manufactured by the LA Times) concerning piano virtuoso Yuja Wang and her very short mini dress that she wore at the Hollywood Bowl. I don't give a shit. The girl plays the crap out of the piano,\u2026","rel":"","context":"In &quot;appreciation&quot;","block_context":{"text":"appreciation","link":"https:\/\/www.nobleviola.com\/wordpress\/category\/music\/appreciations\/"},"img":{"alt_text":"","src":"https:\/\/i0.wp.com\/www.nobleviola.com\/wordpress\/wp-content\/uploads\/2010\/01\/yuja-wang-by-felix-broede-for-dg-43-250x303.jpg?resize=350%2C200","width":350,"height":200},"classes":[]},{"id":7294,"url":"https:\/\/www.nobleviola.com\/wordpress\/2012\/02\/08\/season-announcements-soloists\/","url_meta":{"origin":2568,"position":3},"title":"season announcements &#8211; soloists","author":"Charles Noble","date":"February 8, 2012","format":false,"excerpt":"I'm revisiting my previous post, in which I somewhat lazily dissected the season announcements\u00a0 of three orchestras (Chicago, Seattle, and Nashville) for 2012-2013, to a look at the soloists that they've engaged for the season (plus those slated for the LA Philharmonic as well, to add some more (?) into\u2026","rel":"","context":"In &quot;soloists &amp; recitals&quot;","block_context":{"text":"soloists &amp; recitals","link":"https:\/\/www.nobleviola.com\/wordpress\/category\/music\/soloists-recitals\/"},"img":{"alt_text":"","src":"","width":0,"height":0},"classes":[]},{"id":3945,"url":"https:\/\/www.nobleviola.com\/wordpress\/2010\/02\/01\/osos-2010-2011-season\/","url_meta":{"origin":2568,"position":4},"title":"OSO&#8217;s 2010-2011 Season","author":"Charles Noble","date":"February 1, 2010","format":false,"excerpt":"Saturday evening, the Oregon Symphony unveiled its 2010-2011 season programming.\u00a0 I was giving the pre-concert talk that night, so I couldn't be at the unveiling reception, but I suspect that there must have been a fair amount of applause and the sound of jaws hitting the floor as the specifics\u2026","rel":"","context":"In &quot;programming&quot;","block_context":{"text":"programming","link":"https:\/\/www.nobleviola.com\/wordpress\/category\/music\/programming-music\/"},"img":{"alt_text":"","src":"https:\/\/i0.wp.com\/www.nobleviola.com\/wordpress\/wp-content\/uploads\/2010\/01\/Joshua-Bell-photo-002-250x313.jpg?resize=350%2C200","width":350,"height":200},"classes":[]},{"id":857,"url":"https:\/\/www.nobleviola.com\/wordpress\/2008\/03\/17\/oso-resident-up-for-two-more-positions\/","url_meta":{"origin":2568,"position":5},"title":"OSO resident up for two more positions","author":"Charles Noble","date":"March 17, 2008","format":false,"excerpt":"OSO Resident conductor Gregory Vajda is up for two more music director positions: the Fort Wayne Philharmonic and the San Antonio Symphony. From the Fort Wayne Journal Gazette: The Fort Wayne Philharmonic announced its 2008-09 season during a news conference Tuesday. The season will feature at least 10 different maestros,\u2026","rel":"","context":"In &quot;conducting&quot;","block_context":{"text":"conducting","link":"https:\/\/www.nobleviola.com\/wordpress\/category\/music\/conducting\/"},"img":{"alt_text":"Gregory Vajda, conductor","src":"https:\/\/i0.wp.com\/www.nobleviola.com\/wordpress\/wp-content\/uploads\/2008\/02\/gregory_vajda7.thumbnail.jpg?resize=350%2C200","width":350,"height":200},"classes":[]}],"_links":{"self":[{"href":"https:\/\/www.nobleviola.com\/wordpress\/wp-json\/wp\/v2\/posts\/2568","targetHints":{"allow":["GET"]}}],"collection":[{"href":"https:\/\/www.nobleviola.com\/wordpress\/wp-json\/wp\/v2\/posts"}],"about":[{"href":"https:\/\/www.nobleviola.com\/wordpress\/wp-json\/wp\/v2\/types\/post"}],"author":[{"embeddable":true,"href":"https:\/\/www.nobleviola.com\/wordpress\/wp-json\/wp\/v2\/users\/303"}],"replies":[{"embeddable":true,"href":"https:\/\/www.nobleviola.com\/wordpress\/wp-json\/wp\/v2\/comments?post=2568"}],"version-history":[{"count":0,"href":"https:\/\/www.nobleviola.com\/wordpress\/wp-json\/wp\/v2\/posts\/2568\/revisions"}],"wp:attachment":[{"href":"https:\/\/www.nobleviola.com\/wordpress\/wp-json\/wp\/v2\/media?parent=2568"}],"wp:term":[{"taxonomy":"category","embeddable":true,"href":"https:\/\/www.nobleviola.com\/wordpress\/wp-json\/wp\/v2\/categories?post=2568"},{"taxonomy":"post_tag","embeddable":true,"href":"https:\/\/www.nobleviola.com\/wordpress\/wp-json\/wp\/v2\/tags?post=2568"}],"curies":[{"name":"wp","href":"https:\/\/api.w.org\/{rel}","templated":true}]}}